{"id":4469,"date":"2017-07-01T16:40:39","date_gmt":"2017-07-01T14:40:39","guid":{"rendered":"https:\/\/maison-occitane-wordpress.agoravita.app\/?p=4469"},"modified":"2025-08-21T16:08:32","modified_gmt":"2025-08-21T14:08:32","slug":"accompagner-le-magret-de-canard-seche","status":"publish","type":"post","link":"https:\/\/www.maison-occitane.com\/fr\/monmag\/fiches-conseils\/accompagner-le-magret-de-canard-seche\/","title":{"rendered":"Comment accompagner le magret de canard s\u00e9ch\u00e9 ?"},"content":{"rendered":"","protected":false},"excerpt":{"rendered":"","protected":false},"author":2,"featured_media":4911,"comment_status":"open","ping_status":"open","sticky":false,"template":"","format":"standard","meta":{"_acf_changed":false,"footnotes":""},"categories":[40],"tags":[],"class_list":["post-4469","post","type-post","status-publish","format-standard","has-post-thumbnail","hentry","category-fiches-conseils"],"acf":[],"yoast_head":"<!-- This site is optimized with the Yoast SEO plugin v24.9 - https:\/\/yoast.com\/wordpress\/plugins\/seo\/ -->\n<title>Comment accompagner le magret de canard s\u00e9ch\u00e9 ? - Maison Occitane<\/title>\n<meta name=\"description\" content=\"D\u00e9couvrez nos id\u00e9es pour accompagner le magret de canard s\u00e9ch\u00e9 et sublimer vos ap\u00e9ritifs et repas avec des saveurs du Sud-Ouest authentiques.\" \/>\n<meta name=\"robots\" content=\"index, follow, max-snippet:-1, max-image-preview:large, max-video-preview:-1\" \/>\n<link rel=\"canonical\" href=\"https:\/\/www.maison-occitane.com\/fr\/monmag\/fiches-conseils\/accompagner-le-magret-de-canard-seche\/\" \/>\n<meta property=\"og:locale\" content=\"fr_FR\" \/>\n<meta property=\"og:type\" content=\"article\" \/>\n<meta property=\"og:title\" content=\"Comment accompagner le magret de canard s\u00e9ch\u00e9 ? - Maison Occitane\" \/>\n<meta property=\"og:description\" content=\"D\u00e9couvrez nos id\u00e9es pour accompagner le magret de canard s\u00e9ch\u00e9 et sublimer vos ap\u00e9ritifs et repas avec des saveurs du Sud-Ouest authentiques.\" \/>\n<meta property=\"og:url\" content=\"https:\/\/www.maison-occitane.com\/fr\/monmag\/fiches-conseils\/accompagner-le-magret-de-canard-seche\/\" \/>\n<meta property=\"og:site_name\" content=\"Maison Occitane\" \/>\n<meta property=\"article:published_time\" content=\"2017-07-01T14:40:39+00:00\" \/>\n<meta property=\"article:modified_time\" content=\"2025-08-21T14:08:32+00:00\" \/>\n<meta property=\"og:image\" content=\"https:\/\/www.maison-occitane.com\/app\/uploads\/2017\/07\/293x293___accompagner-le-magret-de-canard-seche_fotolia-50101446-m.jpg\" \/>\n\t<meta property=\"og:image:width\" content=\"293\" \/>\n\t<meta property=\"og:image:height\" content=\"293\" \/>\n\t<meta property=\"og:image:type\" content=\"image\/jpeg\" \/>\n<meta name=\"author\" content=\"agoravita\" \/>\n<meta name=\"twitter:card\" content=\"summary_large_image\" \/>\n<meta name=\"twitter:label1\" content=\"\u00c9crit par\" \/>\n\t<meta name=\"twitter:data1\" content=\"agoravita\" \/>\n\t<meta name=\"twitter:label2\" content=\"Dur\u00e9e de lecture estim\u00e9e\" \/>\n\t<meta name=\"twitter:data2\" content=\"1 minute\" \/>\n<script type=\"application\/ld+json\" class=\"yoast-schema-graph\">{\"@context\":\"https:\/\/schema.org\",\"@graph\":[{\"@type\":\"WebPage\",\"@id\":\"https:\/\/www.maison-occitane.com\/fr\/monmag\/fiches-conseils\/accompagner-le-magret-de-canard-seche\/\",\"url\":\"https:\/\/www.maison-occitane.com\/fr\/monmag\/fiches-conseils\/accompagner-le-magret-de-canard-seche\/\",\"name\":\"Comment accompagner le magret de canard s\u00e9ch\u00e9 ? - Maison Occitane\",\"isPartOf\":{\"@id\":\"https:\/\/www.maison-occitane.com\/fr\/#website\"},\"primaryImageOfPage\":{\"@id\":\"https:\/\/www.maison-occitane.com\/fr\/monmag\/fiches-conseils\/accompagner-le-magret-de-canard-seche\/#primaryimage\"},\"image\":{\"@id\":\"https:\/\/www.maison-occitane.com\/fr\/monmag\/fiches-conseils\/accompagner-le-magret-de-canard-seche\/#primaryimage\"},\"thumbnailUrl\":\"https:\/\/www.maison-occitane.com\/app\/uploads\/2017\/07\/293x293___accompagner-le-magret-de-canard-seche_fotolia-50101446-m.jpg\",\"datePublished\":\"2017-07-01T14:40:39+00:00\",\"dateModified\":\"2025-08-21T14:08:32+00:00\",\"author\":{\"@id\":\"https:\/\/www.maison-occitane.com\/fr\/#\/schema\/person\/7f8be08eca6836a44d9c5040152c1eeb\"},\"description\":\"D\u00e9couvrez nos id\u00e9es pour accompagner le magret de canard s\u00e9ch\u00e9 et sublimer vos ap\u00e9ritifs et repas avec des saveurs du Sud-Ouest authentiques.\",\"breadcrumb\":{\"@id\":\"https:\/\/www.maison-occitane.com\/fr\/monmag\/fiches-conseils\/accompagner-le-magret-de-canard-seche\/#breadcrumb\"},\"inLanguage\":\"fr-FR\",\"potentialAction\":[{\"@type\":\"ReadAction\",\"target\":[\"https:\/\/www.maison-occitane.com\/fr\/monmag\/fiches-conseils\/accompagner-le-magret-de-canard-seche\/\"]}]},{\"@type\":\"ImageObject\",\"inLanguage\":\"fr-FR\",\"@id\":\"https:\/\/www.maison-occitane.com\/fr\/monmag\/fiches-conseils\/accompagner-le-magret-de-canard-seche\/#primaryimage\",\"url\":\"https:\/\/www.maison-occitane.com\/app\/uploads\/2017\/07\/293x293___accompagner-le-magret-de-canard-seche_fotolia-50101446-m.jpg\",\"contentUrl\":\"https:\/\/www.maison-occitane.com\/app\/uploads\/2017\/07\/293x293___accompagner-le-magret-de-canard-seche_fotolia-50101446-m.jpg\",\"width\":293,\"height\":293,\"caption\":\"Magret de canard s\u00e9ch\u00e9 tranch\u00e9 finement avec groseilles\"},{\"@type\":\"BreadcrumbList\",\"@id\":\"https:\/\/www.maison-occitane.com\/fr\/monmag\/fiches-conseils\/accompagner-le-magret-de-canard-seche\/#breadcrumb\",\"itemListElement\":[{\"@type\":\"ListItem\",\"position\":1,\"name\":\"Accueil\",\"item\":\"https:\/\/www.maison-occitane.com\/fr\/\"},{\"@type\":\"ListItem\",\"position\":2,\"name\":\"Comment accompagner le magret de canard s\u00e9ch\u00e9 ?\"}]},{\"@type\":\"WebSite\",\"@id\":\"https:\/\/www.maison-occitane.com\/fr\/#website\",\"url\":\"https:\/\/www.maison-occitane.com\/fr\/\",\"name\":\"Maison Occitane\",\"description\":\"\",\"potentialAction\":[{\"@type\":\"SearchAction\",\"target\":{\"@type\":\"EntryPoint\",\"urlTemplate\":\"https:\/\/www.maison-occitane.com\/fr\/?s={search_term_string}\"},\"query-input\":{\"@type\":\"PropertyValueSpecification\",\"valueRequired\":true,\"valueName\":\"search_term_string\"}}],\"inLanguage\":\"fr-FR\"},{\"@type\":\"Person\",\"@id\":\"https:\/\/www.maison-occitane.com\/fr\/#\/schema\/person\/7f8be08eca6836a44d9c5040152c1eeb\",\"name\":\"agoravita\",\"image\":{\"@type\":\"ImageObject\",\"inLanguage\":\"fr-FR\",\"@id\":\"https:\/\/www.maison-occitane.com\/fr\/#\/schema\/person\/image\/\",\"url\":\"https:\/\/secure.gravatar.com\/avatar\/f2297c6fa439cbc5cc98335dd36a672b2a9134f8aee55b3a79d589e3b5016b9e?s=96&d=mm&r=g\",\"contentUrl\":\"https:\/\/secure.gravatar.com\/avatar\/f2297c6fa439cbc5cc98335dd36a672b2a9134f8aee55b3a79d589e3b5016b9e?s=96&d=mm&r=g\",\"caption\":\"agoravita\"}}]}<\/script>\n<!-- \/ Yoast SEO plugin. -->","yoast_head_json":{"title":"Comment accompagner le magret de canard s\u00e9ch\u00e9 ? - Maison Occitane","description":"D\u00e9couvrez nos id\u00e9es pour accompagner le magret de canard s\u00e9ch\u00e9 et sublimer vos ap\u00e9ritifs et repas avec des saveurs du Sud-Ouest authentiques.","robots":{"index":"index","follow":"follow","max-snippet":"max-snippet:-1","max-image-preview":"max-image-preview:large","max-video-preview":"max-video-preview:-1"},"canonical":"https:\/\/www.maison-occitane.com\/fr\/monmag\/fiches-conseils\/accompagner-le-magret-de-canard-seche\/","og_locale":"fr_FR","og_type":"article","og_title":"Comment accompagner le magret de canard s\u00e9ch\u00e9 ? - Maison Occitane","og_description":"D\u00e9couvrez nos id\u00e9es pour accompagner le magret de canard s\u00e9ch\u00e9 et sublimer vos ap\u00e9ritifs et repas avec des saveurs du Sud-Ouest authentiques.","og_url":"https:\/\/www.maison-occitane.com\/fr\/monmag\/fiches-conseils\/accompagner-le-magret-de-canard-seche\/","og_site_name":"Maison Occitane","article_published_time":"2017-07-01T14:40:39+00:00","article_modified_time":"2025-08-21T14:08:32+00:00","og_image":[{"width":293,"height":293,"url":"https:\/\/www.maison-occitane.com\/app\/uploads\/2017\/07\/293x293___accompagner-le-magret-de-canard-seche_fotolia-50101446-m.jpg","type":"image\/jpeg"}],"author":"agoravita","twitter_card":"summary_large_image","twitter_misc":{"\u00c9crit par":"agoravita","Dur\u00e9e de lecture estim\u00e9e":"1 minute"},"schema":{"@context":"https:\/\/schema.org","@graph":[{"@type":"WebPage","@id":"https:\/\/www.maison-occitane.com\/fr\/monmag\/fiches-conseils\/accompagner-le-magret-de-canard-seche\/","url":"https:\/\/www.maison-occitane.com\/fr\/monmag\/fiches-conseils\/accompagner-le-magret-de-canard-seche\/","name":"Comment accompagner le magret de canard s\u00e9ch\u00e9 ? - Maison Occitane","isPartOf":{"@id":"https:\/\/www.maison-occitane.com\/fr\/#website"},"primaryImageOfPage":{"@id":"https:\/\/www.maison-occitane.com\/fr\/monmag\/fiches-conseils\/accompagner-le-magret-de-canard-seche\/#primaryimage"},"image":{"@id":"https:\/\/www.maison-occitane.com\/fr\/monmag\/fiches-conseils\/accompagner-le-magret-de-canard-seche\/#primaryimage"},"thumbnailUrl":"https:\/\/www.maison-occitane.com\/app\/uploads\/2017\/07\/293x293___accompagner-le-magret-de-canard-seche_fotolia-50101446-m.jpg","datePublished":"2017-07-01T14:40:39+00:00","dateModified":"2025-08-21T14:08:32+00:00","author":{"@id":"https:\/\/www.maison-occitane.com\/fr\/#\/schema\/person\/7f8be08eca6836a44d9c5040152c1eeb"},"description":"D\u00e9couvrez nos id\u00e9es pour accompagner le magret de canard s\u00e9ch\u00e9 et sublimer vos ap\u00e9ritifs et repas avec des saveurs du Sud-Ouest authentiques.","breadcrumb":{"@id":"https:\/\/www.maison-occitane.com\/fr\/monmag\/fiches-conseils\/accompagner-le-magret-de-canard-seche\/#breadcrumb"},"inLanguage":"fr-FR","potentialAction":[{"@type":"ReadAction","target":["https:\/\/www.maison-occitane.com\/fr\/monmag\/fiches-conseils\/accompagner-le-magret-de-canard-seche\/"]}]},{"@type":"ImageObject","inLanguage":"fr-FR","@id":"https:\/\/www.maison-occitane.com\/fr\/monmag\/fiches-conseils\/accompagner-le-magret-de-canard-seche\/#primaryimage","url":"https:\/\/www.maison-occitane.com\/app\/uploads\/2017\/07\/293x293___accompagner-le-magret-de-canard-seche_fotolia-50101446-m.jpg","contentUrl":"https:\/\/www.maison-occitane.com\/app\/uploads\/2017\/07\/293x293___accompagner-le-magret-de-canard-seche_fotolia-50101446-m.jpg","width":293,"height":293,"caption":"Magret de canard s\u00e9ch\u00e9 tranch\u00e9 finement avec groseilles"},{"@type":"BreadcrumbList","@id":"https:\/\/www.maison-occitane.com\/fr\/monmag\/fiches-conseils\/accompagner-le-magret-de-canard-seche\/#breadcrumb","itemListElement":[{"@type":"ListItem","position":1,"name":"Accueil","item":"https:\/\/www.maison-occitane.com\/fr\/"},{"@type":"ListItem","position":2,"name":"Comment accompagner le magret de canard s\u00e9ch\u00e9 ?"}]},{"@type":"WebSite","@id":"https:\/\/www.maison-occitane.com\/fr\/#website","url":"https:\/\/www.maison-occitane.com\/fr\/","name":"Maison Occitane","description":"","potentialAction":[{"@type":"SearchAction","target":{"@type":"EntryPoint","urlTemplate":"https:\/\/www.maison-occitane.com\/fr\/?s={search_term_string}"},"query-input":{"@type":"PropertyValueSpecification","valueRequired":true,"valueName":"search_term_string"}}],"inLanguage":"fr-FR"},{"@type":"Person","@id":"https:\/\/www.maison-occitane.com\/fr\/#\/schema\/person\/7f8be08eca6836a44d9c5040152c1eeb","name":"agoravita","image":{"@type":"ImageObject","inLanguage":"fr-FR","@id":"https:\/\/www.maison-occitane.com\/fr\/#\/schema\/person\/image\/","url":"https:\/\/secure.gravatar.com\/avatar\/f2297c6fa439cbc5cc98335dd36a672b2a9134f8aee55b3a79d589e3b5016b9e?s=96&d=mm&r=g","contentUrl":"https:\/\/secure.gravatar.com\/avatar\/f2297c6fa439cbc5cc98335dd36a672b2a9134f8aee55b3a79d589e3b5016b9e?s=96&d=mm&r=g","caption":"agoravita"}}]}},"_links":{"self":[{"href":"https:\/\/www.maison-occitane.com\/fr\/wp-json\/wp\/v2\/posts\/4469","targetHints":{"allow":["GET"]}}],"collection":[{"href":"https:\/\/www.maison-occitane.com\/fr\/wp-json\/wp\/v2\/posts"}],"about":[{"href":"https:\/\/www.maison-occitane.com\/fr\/wp-json\/wp\/v2\/types\/post"}],"author":[{"embeddable":true,"href":"https:\/\/www.maison-occitane.com\/fr\/wp-json\/wp\/v2\/users\/2"}],"replies":[{"embeddable":true,"href":"https:\/\/www.maison-occitane.com\/fr\/wp-json\/wp\/v2\/comments?post=4469"}],"version-history":[{"count":0,"href":"https:\/\/www.maison-occitane.com\/fr\/wp-json\/wp\/v2\/posts\/4469\/revisions"}],"wp:featuredmedia":[{"embeddable":true,"href":"https:\/\/www.maison-occitane.com\/fr\/wp-json\/wp\/v2\/media\/4911"}],"wp:attachment":[{"href":"https:\/\/www.maison-occitane.com\/fr\/wp-json\/wp\/v2\/media?parent=4469"}],"wp:term":[{"taxonomy":"category","embeddable":true,"href":"https:\/\/www.maison-occitane.com\/fr\/wp-json\/wp\/v2\/categories?post=4469"},{"taxonomy":"post_tag","embeddable":true,"href":"https:\/\/www.maison-occitane.com\/fr\/wp-json\/wp\/v2\/tags?post=4469"}],"curies":[{"name":"wp","href":"https:\/\/api.w.org\/{rel}","templated":true}]}}