{"id":4370,"date":"2017-02-22T16:23:38","date_gmt":"2017-02-22T15:23:38","guid":{"rendered":"https:\/\/maison-occitane-wordpress.agoravita.app\/?p=4370"},"modified":"2025-08-06T15:59:55","modified_gmt":"2025-08-06T13:59:55","slug":"confit-de-canard-aux-pommes-de-terre-sarladaises-et-cepes","status":"publish","type":"post","link":"https:\/\/www.maison-occitane.com\/fr\/monmag\/recettes\/confit-de-canard-aux-pommes-de-terre-sarladaises-et-cepes\/","title":{"rendered":"Confit de canard aux pommes de terre sarladaises et c\u00e8pes"},"content":{"rendered":"","protected":false},"excerpt":{"rendered":"","protected":false},"author":2,"featured_media":4865,"comment_status":"open","ping_status":"open","sticky":false,"template":"","format":"standard","meta":{"_acf_changed":false,"footnotes":""},"categories":[39],"tags":[],"class_list":["post-4370","post","type-post","status-publish","format-standard","has-post-thumbnail","hentry","category-recettes"],"acf":[],"yoast_head":"<!-- This site is optimized with the Yoast SEO plugin v24.9 - https:\/\/yoast.com\/wordpress\/plugins\/seo\/ -->\n<title>Confit de canard aux pommes de terre sarladaises et c\u00e8pes - Maison Occitane<\/title>\n<meta name=\"description\" content=\"Savourez un confit de canard authentique accompagn\u00e9 de pommes de terre sarladaises et de c\u00e8pes : un plat du Sud-Ouest saveurs et tradition.\" \/>\n<meta name=\"robots\" content=\"index, follow, max-snippet:-1, max-image-preview:large, max-video-preview:-1\" \/>\n<link rel=\"canonical\" href=\"https:\/\/www.maison-occitane.com\/monmag\/recettes\/confit-de-canard-aux-pommes-de-terre-sarladaises-et-cepes\/\" \/>\n<meta property=\"og:locale\" content=\"fr_FR\" \/>\n<meta property=\"og:type\" content=\"article\" \/>\n<meta property=\"og:title\" content=\"Confit de canard aux pommes de terre sarladaises et c\u00e8pes - Maison Occitane\" \/>\n<meta property=\"og:description\" content=\"Savourez un confit de canard authentique accompagn\u00e9 de pommes de terre sarladaises et de c\u00e8pes : un plat du Sud-Ouest saveurs et tradition.\" \/>\n<meta property=\"og:url\" content=\"https:\/\/www.maison-occitane.com\/monmag\/recettes\/confit-de-canard-aux-pommes-de-terre-sarladaises-et-cepes\/\" \/>\n<meta property=\"og:site_name\" content=\"Maison Occitane\" \/>\n<meta property=\"article:published_time\" content=\"2017-02-22T15:23:38+00:00\" \/>\n<meta property=\"article:modified_time\" content=\"2025-08-06T13:59:55+00:00\" \/>\n<meta property=\"og:image\" content=\"https:\/\/www.maison-occitane.com\/app\/uploads\/2017\/02\/confit_de_canard_aux_ceps.jpg\" \/>\n\t<meta property=\"og:image:width\" content=\"933\" \/>\n\t<meta property=\"og:image:height\" content=\"1400\" \/>\n\t<meta property=\"og:image:type\" content=\"image\/jpeg\" \/>\n<meta name=\"author\" content=\"agoravita\" \/>\n<meta name=\"twitter:card\" content=\"summary_large_image\" \/>\n<meta name=\"twitter:label1\" content=\"\u00c9crit par\" \/>\n\t<meta name=\"twitter:data1\" content=\"agoravita\" \/>\n\t<meta name=\"twitter:label2\" content=\"Dur\u00e9e de lecture estim\u00e9e\" \/>\n\t<meta name=\"twitter:data2\" content=\"1 minute\" \/>\n<script type=\"application\/ld+json\" class=\"yoast-schema-graph\">{\"@context\":\"https:\/\/schema.org\",\"@graph\":[{\"@type\":\"WebPage\",\"@id\":\"https:\/\/www.maison-occitane.com\/monmag\/recettes\/confit-de-canard-aux-pommes-de-terre-sarladaises-et-cepes\/\",\"url\":\"https:\/\/www.maison-occitane.com\/monmag\/recettes\/confit-de-canard-aux-pommes-de-terre-sarladaises-et-cepes\/\",\"name\":\"Confit de canard aux pommes de terre sarladaises et c\u00e8pes - Maison Occitane\",\"isPartOf\":{\"@id\":\"https:\/\/www.maison-occitane.com\/fr\/#website\"},\"primaryImageOfPage\":{\"@id\":\"https:\/\/www.maison-occitane.com\/monmag\/recettes\/confit-de-canard-aux-pommes-de-terre-sarladaises-et-cepes\/#primaryimage\"},\"image\":{\"@id\":\"https:\/\/www.maison-occitane.com\/monmag\/recettes\/confit-de-canard-aux-pommes-de-terre-sarladaises-et-cepes\/#primaryimage\"},\"thumbnailUrl\":\"https:\/\/www.maison-occitane.com\/app\/uploads\/2017\/02\/confit_de_canard_aux_ceps.jpg\",\"datePublished\":\"2017-02-22T15:23:38+00:00\",\"dateModified\":\"2025-08-06T13:59:55+00:00\",\"author\":{\"@id\":\"https:\/\/www.maison-occitane.com\/fr\/#\/schema\/person\/7f8be08eca6836a44d9c5040152c1eeb\"},\"description\":\"Savourez un confit de canard authentique accompagn\u00e9 de pommes de terre sarladaises et de c\u00e8pes : un plat du Sud-Ouest saveurs et tradition.\",\"breadcrumb\":{\"@id\":\"https:\/\/www.maison-occitane.com\/monmag\/recettes\/confit-de-canard-aux-pommes-de-terre-sarladaises-et-cepes\/#breadcrumb\"},\"inLanguage\":\"fr-FR\",\"potentialAction\":[{\"@type\":\"ReadAction\",\"target\":[\"https:\/\/www.maison-occitane.com\/monmag\/recettes\/confit-de-canard-aux-pommes-de-terre-sarladaises-et-cepes\/\"]}]},{\"@type\":\"ImageObject\",\"inLanguage\":\"fr-FR\",\"@id\":\"https:\/\/www.maison-occitane.com\/monmag\/recettes\/confit-de-canard-aux-pommes-de-terre-sarladaises-et-cepes\/#primaryimage\",\"url\":\"https:\/\/www.maison-occitane.com\/app\/uploads\/2017\/02\/confit_de_canard_aux_ceps.jpg\",\"contentUrl\":\"https:\/\/www.maison-occitane.com\/app\/uploads\/2017\/02\/confit_de_canard_aux_ceps.jpg\",\"width\":933,\"height\":1400,\"caption\":\"Confit de canard aux pommes de terre sarladaises et c\u00e8pes\"},{\"@type\":\"BreadcrumbList\",\"@id\":\"https:\/\/www.maison-occitane.com\/monmag\/recettes\/confit-de-canard-aux-pommes-de-terre-sarladaises-et-cepes\/#breadcrumb\",\"itemListElement\":[{\"@type\":\"ListItem\",\"position\":1,\"name\":\"Accueil\",\"item\":\"https:\/\/www.maison-occitane.com\/fr\/\"},{\"@type\":\"ListItem\",\"position\":2,\"name\":\"Confit de canard aux pommes de terre sarladaises et c\u00e8pes\"}]},{\"@type\":\"WebSite\",\"@id\":\"https:\/\/www.maison-occitane.com\/fr\/#website\",\"url\":\"https:\/\/www.maison-occitane.com\/fr\/\",\"name\":\"Maison Occitane\",\"description\":\"\",\"potentialAction\":[{\"@type\":\"SearchAction\",\"target\":{\"@type\":\"EntryPoint\",\"urlTemplate\":\"https:\/\/www.maison-occitane.com\/fr\/?s={search_term_string}\"},\"query-input\":{\"@type\":\"PropertyValueSpecification\",\"valueRequired\":true,\"valueName\":\"search_term_string\"}}],\"inLanguage\":\"fr-FR\"},{\"@type\":\"Person\",\"@id\":\"https:\/\/www.maison-occitane.com\/fr\/#\/schema\/person\/7f8be08eca6836a44d9c5040152c1eeb\",\"name\":\"agoravita\",\"image\":{\"@type\":\"ImageObject\",\"inLanguage\":\"fr-FR\",\"@id\":\"https:\/\/www.maison-occitane.com\/fr\/#\/schema\/person\/image\/\",\"url\":\"https:\/\/secure.gravatar.com\/avatar\/f2297c6fa439cbc5cc98335dd36a672b2a9134f8aee55b3a79d589e3b5016b9e?s=96&d=mm&r=g\",\"contentUrl\":\"https:\/\/secure.gravatar.com\/avatar\/f2297c6fa439cbc5cc98335dd36a672b2a9134f8aee55b3a79d589e3b5016b9e?s=96&d=mm&r=g\",\"caption\":\"agoravita\"}}]}<\/script>\n<!-- \/ Yoast SEO plugin. -->","yoast_head_json":{"title":"Confit de canard aux pommes de terre sarladaises et c\u00e8pes - Maison Occitane","description":"Savourez un confit de canard authentique accompagn\u00e9 de pommes de terre sarladaises et de c\u00e8pes : un plat du Sud-Ouest saveurs et tradition.","robots":{"index":"index","follow":"follow","max-snippet":"max-snippet:-1","max-image-preview":"max-image-preview:large","max-video-preview":"max-video-preview:-1"},"canonical":"https:\/\/www.maison-occitane.com\/monmag\/recettes\/confit-de-canard-aux-pommes-de-terre-sarladaises-et-cepes\/","og_locale":"fr_FR","og_type":"article","og_title":"Confit de canard aux pommes de terre sarladaises et c\u00e8pes - Maison Occitane","og_description":"Savourez un confit de canard authentique accompagn\u00e9 de pommes de terre sarladaises et de c\u00e8pes : un plat du Sud-Ouest saveurs et tradition.","og_url":"https:\/\/www.maison-occitane.com\/monmag\/recettes\/confit-de-canard-aux-pommes-de-terre-sarladaises-et-cepes\/","og_site_name":"Maison Occitane","article_published_time":"2017-02-22T15:23:38+00:00","article_modified_time":"2025-08-06T13:59:55+00:00","og_image":[{"width":933,"height":1400,"url":"https:\/\/www.maison-occitane.com\/app\/uploads\/2017\/02\/confit_de_canard_aux_ceps.jpg","type":"image\/jpeg"}],"author":"agoravita","twitter_card":"summary_large_image","twitter_misc":{"\u00c9crit par":"agoravita","Dur\u00e9e de lecture estim\u00e9e":"1 minute"},"schema":{"@context":"https:\/\/schema.org","@graph":[{"@type":"WebPage","@id":"https:\/\/www.maison-occitane.com\/monmag\/recettes\/confit-de-canard-aux-pommes-de-terre-sarladaises-et-cepes\/","url":"https:\/\/www.maison-occitane.com\/monmag\/recettes\/confit-de-canard-aux-pommes-de-terre-sarladaises-et-cepes\/","name":"Confit de canard aux pommes de terre sarladaises et c\u00e8pes - Maison Occitane","isPartOf":{"@id":"https:\/\/www.maison-occitane.com\/fr\/#website"},"primaryImageOfPage":{"@id":"https:\/\/www.maison-occitane.com\/monmag\/recettes\/confit-de-canard-aux-pommes-de-terre-sarladaises-et-cepes\/#primaryimage"},"image":{"@id":"https:\/\/www.maison-occitane.com\/monmag\/recettes\/confit-de-canard-aux-pommes-de-terre-sarladaises-et-cepes\/#primaryimage"},"thumbnailUrl":"https:\/\/www.maison-occitane.com\/app\/uploads\/2017\/02\/confit_de_canard_aux_ceps.jpg","datePublished":"2017-02-22T15:23:38+00:00","dateModified":"2025-08-06T13:59:55+00:00","author":{"@id":"https:\/\/www.maison-occitane.com\/fr\/#\/schema\/person\/7f8be08eca6836a44d9c5040152c1eeb"},"description":"Savourez un confit de canard authentique accompagn\u00e9 de pommes de terre sarladaises et de c\u00e8pes : un plat du Sud-Ouest saveurs et tradition.","breadcrumb":{"@id":"https:\/\/www.maison-occitane.com\/monmag\/recettes\/confit-de-canard-aux-pommes-de-terre-sarladaises-et-cepes\/#breadcrumb"},"inLanguage":"fr-FR","potentialAction":[{"@type":"ReadAction","target":["https:\/\/www.maison-occitane.com\/monmag\/recettes\/confit-de-canard-aux-pommes-de-terre-sarladaises-et-cepes\/"]}]},{"@type":"ImageObject","inLanguage":"fr-FR","@id":"https:\/\/www.maison-occitane.com\/monmag\/recettes\/confit-de-canard-aux-pommes-de-terre-sarladaises-et-cepes\/#primaryimage","url":"https:\/\/www.maison-occitane.com\/app\/uploads\/2017\/02\/confit_de_canard_aux_ceps.jpg","contentUrl":"https:\/\/www.maison-occitane.com\/app\/uploads\/2017\/02\/confit_de_canard_aux_ceps.jpg","width":933,"height":1400,"caption":"Confit de canard aux pommes de terre sarladaises et c\u00e8pes"},{"@type":"BreadcrumbList","@id":"https:\/\/www.maison-occitane.com\/monmag\/recettes\/confit-de-canard-aux-pommes-de-terre-sarladaises-et-cepes\/#breadcrumb","itemListElement":[{"@type":"ListItem","position":1,"name":"Accueil","item":"https:\/\/www.maison-occitane.com\/fr\/"},{"@type":"ListItem","position":2,"name":"Confit de canard aux pommes de terre sarladaises et c\u00e8pes"}]},{"@type":"WebSite","@id":"https:\/\/www.maison-occitane.com\/fr\/#website","url":"https:\/\/www.maison-occitane.com\/fr\/","name":"Maison Occitane","description":"","potentialAction":[{"@type":"SearchAction","target":{"@type":"EntryPoint","urlTemplate":"https:\/\/www.maison-occitane.com\/fr\/?s={search_term_string}"},"query-input":{"@type":"PropertyValueSpecification","valueRequired":true,"valueName":"search_term_string"}}],"inLanguage":"fr-FR"},{"@type":"Person","@id":"https:\/\/www.maison-occitane.com\/fr\/#\/schema\/person\/7f8be08eca6836a44d9c5040152c1eeb","name":"agoravita","image":{"@type":"ImageObject","inLanguage":"fr-FR","@id":"https:\/\/www.maison-occitane.com\/fr\/#\/schema\/person\/image\/","url":"https:\/\/secure.gravatar.com\/avatar\/f2297c6fa439cbc5cc98335dd36a672b2a9134f8aee55b3a79d589e3b5016b9e?s=96&d=mm&r=g","contentUrl":"https:\/\/secure.gravatar.com\/avatar\/f2297c6fa439cbc5cc98335dd36a672b2a9134f8aee55b3a79d589e3b5016b9e?s=96&d=mm&r=g","caption":"agoravita"}}]}},"_links":{"self":[{"href":"https:\/\/www.maison-occitane.com\/fr\/wp-json\/wp\/v2\/posts\/4370","targetHints":{"allow":["GET"]}}],"collection":[{"href":"https:\/\/www.maison-occitane.com\/fr\/wp-json\/wp\/v2\/posts"}],"about":[{"href":"https:\/\/www.maison-occitane.com\/fr\/wp-json\/wp\/v2\/types\/post"}],"author":[{"embeddable":true,"href":"https:\/\/www.maison-occitane.com\/fr\/wp-json\/wp\/v2\/users\/2"}],"replies":[{"embeddable":true,"href":"https:\/\/www.maison-occitane.com\/fr\/wp-json\/wp\/v2\/comments?post=4370"}],"version-history":[{"count":0,"href":"https:\/\/www.maison-occitane.com\/fr\/wp-json\/wp\/v2\/posts\/4370\/revisions"}],"wp:featuredmedia":[{"embeddable":true,"href":"https:\/\/www.maison-occitane.com\/fr\/wp-json\/wp\/v2\/media\/4865"}],"wp:attachment":[{"href":"https:\/\/www.maison-occitane.com\/fr\/wp-json\/wp\/v2\/media?parent=4370"}],"wp:term":[{"taxonomy":"category","embeddable":true,"href":"https:\/\/www.maison-occitane.com\/fr\/wp-json\/wp\/v2\/categories?post=4370"},{"taxonomy":"post_tag","embeddable":true,"href":"https:\/\/www.maison-occitane.com\/fr\/wp-json\/wp\/v2\/tags?post=4370"}],"curies":[{"name":"wp","href":"https:\/\/api.w.org\/{rel}","templated":true}]}}